{"id":1201,"date":"2024-07-11T18:01:44","date_gmt":"2024-07-11T10:01:44","guid":{"rendered":"https:\/\/www.stevistech.com\/?p=1201"},"modified":"2024-10-29T17:48:50","modified_gmt":"2024-10-29T09:48:50","slug":"visit-our-booth-machtech-2024-bulgaria","status":"publish","type":"post","link":"https:\/\/www.stevistech.com\/hu\/latogasson-el-a-machtech-2024-bulgariai-standunkra\/","title":{"rendered":"\u00dcdv\u00f6z\u00f6lj\u00fck, l\u00e1togassa meg standunkat a MACHTECH 2024 ki\u00e1ll\u00edt\u00e1son Bulg\u00e1ri\u00e1ban, okt\u00f3ber 1-4."},"content":{"rendered":"<figure class=\"wp-block-embed is-type-video is-provider-youtube wp-block-embed-youtube wp-embed-aspect-16-9 wp-has-aspect-ratio\"><div class=\"wp-block-embed__wrapper\">\n<iframe loading=\"lazy\" title=\"[SteviS Laser] \u00dcdv\u00f6z\u00f6lj\u00fck, l\u00e1togassa meg standunkat a MACHTECH 2024 ki\u00e1ll\u00edt\u00e1son Bulg\u00e1ri\u00e1ban\" width=\"500\" height=\"281\" src=\"https:\/\/www.youtube.com\/embed\/YDyZpjrAqxs?feature=oembed\" frameborder=\"0\" allow=\"accelerometer; autoplay; clipboard-write; encrypted-media; gyroscope; picture-in-picture; web-share\" referrerpolicy=\"strict-origin-when-cross-origin\" allowfullscreen><\/iframe>\n<\/div><\/figure>\n\n\n\n<p>\u00d6r\u00f6mmel megh\u00edvjuk \u00d6nt a MACHTECH 2024-re, amelyre az Inter Center Expo-n, Sz\u00f3fi\u00e1ban, Bulg\u00e1ri\u00e1ban ker\u00fcl sor okt\u00f3ber 1. \u00e9s 4. k\u00f6z\u00f6tt.<\/p>\n\n\n\n<figure class=\"wp-block-image size-large is-resized\"><img loading=\"lazy\" decoding=\"async\" width=\"1024\" height=\"576\" src=\"https:\/\/stevistech.com\/wp-content\/uploads\/2024\/07\/machtech-exhibition-bulgaria-laser-1024x576.jpg\" alt=\"\" class=\"wp-image-1198\" style=\"width:840px;height:auto\" srcset=\"https:\/\/www.stevistech.com\/wp-content\/uploads\/2024\/07\/machtech-exhibition-bulgaria-laser-1024x576.jpg 1024w, https:\/\/www.stevistech.com\/wp-content\/uploads\/2024\/07\/machtech-exhibition-bulgaria-laser-300x169.jpg 300w, https:\/\/www.stevistech.com\/wp-content\/uploads\/2024\/07\/machtech-exhibition-bulgaria-laser-768x432.jpg 768w, https:\/\/www.stevistech.com\/wp-content\/uploads\/2024\/07\/machtech-exhibition-bulgaria-laser.jpg 1280w\" sizes=\"auto, (max-width: 1024px) 100vw, 1024px\" \/><\/figure>\n\n\n\n<p>Ezen a ki\u00e1ll\u00edt\u00e1son a SteviS bemutatja Bulg\u00e1ri\u00e1ban n\u00e9pszer\u0171 g\u00e9peinket \u00e9s professzion\u00e1lis szolg\u00e1ltat\u00e1sainkat, k\u00f6zt\u00fck a l\u00e9zeres hegeszt\u0151g\u00e9pet \u00e9s az ipari hegeszt\u0151robotot.<\/p>\n\n\n\n<p>A mi\u00e9nk <a><\/a>szak\u00e9rt\u0151i csapat k\u00e9szen \u00e1ll a bemutat\u00f3k bemutat\u00e1s\u00e1ra, k\u00e9rd\u00e9sek megv\u00e1laszol\u00e1s\u00e1ra, \u00e9s megvitatj\u00e1k, hogy megold\u00e1saink hogyan felelhetnek meg az \u00d6n egyedi ig\u00e9nyeinek.<\/p>\n\n\n\n<p><strong>Standunk sz\u00e1ma: A18, 4-es csarnok<\/strong><\/p>\n\n\n\n<p>\u00dagy gondoljuk, hogy a ki\u00e1ll\u00edt\u00e1son val\u00f3 jelenl\u00e9te nagy hasznot hozna, \u00e9s sz\u00edvesen megszervezn\u00e9nk egy szem\u00e9lyes tal\u00e1lkoz\u00f3t.<\/p>\n\n\n\n<p>K\u00e9rj\u00fck, jelezze el\u00e9rhet\u0151s\u00e9g\u00e9t, hogy egy megfelel\u0151 id\u0151pontot tudjunk egyeztetni.<\/p>\n\n\n\n<p>Ha szeretn\u00e9 meger\u0151s\u00edteni r\u00e9szv\u00e9tel\u00e9t, vagy b\u00e1rmilyen k\u00e9rd\u00e9se van, forduljon hozz\u00e1nk bizalommal.<\/p>\n\n\n\n<p>V\u00e1rjuk, hogy \u00fcdv\u00f6z\u00f6lj\u00fck standunkon, \u00e9s megvitassuk, hogyan tudunk egy\u00fcttm\u0171k\u00f6dni a k\u00f6lcs\u00f6n\u00f6s siker \u00e9rdek\u00e9ben.<\/p>","protected":false},"excerpt":{"rendered":"<p>We are pleased to invite you to the MACHTECH 2024, which will be held at Inter Center Expo in Sofia, Bulgaria from 1st to 4th, Oct. At this exhibition, SteviS will be showcasing our popular machines in Bulgaria and professional services, including Laser Welding Machine and Industrial Welding Robot. Our team of experts will be [&hellip;]<\/p>","protected":false},"author":2,"featured_media":1200,"comment_status":"open","ping_status":"open","sticky":false,"template":"","format":"standard","meta":{"_acf_changed":false,"footnotes":""},"categories":[12],"tags":[94,93,95,72],"class_list":["post-1201","post","type-post","status-publish","format-standard","has-post-thumbnail","hentry","category-company-news","tag-bulgaria","tag-exhibition","tag-machtech","tag-stevis"],"acf":[],"_links":{"self":[{"href":"https:\/\/www.stevistech.com\/hu\/wp-json\/wp\/v2\/posts\/1201","targetHints":{"allow":["GET"]}}],"collection":[{"href":"https:\/\/www.stevistech.com\/hu\/wp-json\/wp\/v2\/posts"}],"about":[{"href":"https:\/\/www.stevistech.com\/hu\/wp-json\/wp\/v2\/types\/post"}],"author":[{"embeddable":true,"href":"https:\/\/www.stevistech.com\/hu\/wp-json\/wp\/v2\/users\/2"}],"replies":[{"embeddable":true,"href":"https:\/\/www.stevistech.com\/hu\/wp-json\/wp\/v2\/comments?post=1201"}],"version-history":[{"count":2,"href":"https:\/\/www.stevistech.com\/hu\/wp-json\/wp\/v2\/posts\/1201\/revisions"}],"predecessor-version":[{"id":1214,"href":"https:\/\/www.stevistech.com\/hu\/wp-json\/wp\/v2\/posts\/1201\/revisions\/1214"}],"wp:featuredmedia":[{"embeddable":true,"href":"https:\/\/www.stevistech.com\/hu\/wp-json\/wp\/v2\/media\/1200"}],"wp:attachment":[{"href":"https:\/\/www.stevistech.com\/hu\/wp-json\/wp\/v2\/media?parent=1201"}],"wp:term":[{"taxonomy":"category","embeddable":true,"href":"https:\/\/www.stevistech.com\/hu\/wp-json\/wp\/v2\/categories?post=1201"},{"taxonomy":"post_tag","embeddable":true,"href":"https:\/\/www.stevistech.com\/hu\/wp-json\/wp\/v2\/tags?post=1201"}],"curies":[{"name":"wp","href":"https:\/\/api.w.org\/{rel}","templated":true}]}}