{"id":1201,"date":"2024-07-11T18:01:44","date_gmt":"2024-07-11T10:01:44","guid":{"rendered":"https:\/\/www.stevistech.com\/?p=1201"},"modified":"2024-10-29T17:48:50","modified_gmt":"2024-10-29T09:48:50","slug":"visit-our-booth-machtech-2024-bulgaria","status":"publish","type":"post","link":"https:\/\/www.stevistech.com\/ro\/vizitati-standul-nostru-machtech-2024-bulgaria\/","title":{"rendered":"Bine a\u021bi venit s\u0103 vizita\u021bi standul nostru la MACHTECH 2024 \u00een Bulgaria \u00een perioada 1-4 octombrie."},"content":{"rendered":"<figure class=\"wp-block-embed is-type-video is-provider-youtube wp-block-embed-youtube wp-embed-aspect-16-9 wp-has-aspect-ratio\"><div class=\"wp-block-embed__wrapper\">\n<iframe loading=\"lazy\" title=\"[SteviS Laser] Bine a\u021bi venit s\u0103 ne vizita\u021bi standul la MACHTECH 2024 \u00een Bulgaria\" width=\"500\" height=\"281\" src=\"https:\/\/www.youtube.com\/embed\/YDyZpjrAqxs?feature=oembed\" frameborder=\"0\" allow=\"accelerometer; autoplay; clipboard-write; encrypted-media; gyroscope; picture-in-picture; web-share\" referrerpolicy=\"strict-origin-when-cross-origin\" allowfullscreen><\/iframe>\n<\/div><\/figure>\n\n\n\n<p>Ne face pl\u0103cere s\u0103 v\u0103 invit\u0103m la MACHTECH 2024, care va avea loc la Inter Center Expo din Sofia, Bulgaria, \u00een perioada 1-4 octombrie.<\/p>\n\n\n\n<figure class=\"wp-block-image size-large is-resized\"><img loading=\"lazy\" decoding=\"async\" width=\"1024\" height=\"576\" src=\"https:\/\/stevistech.com\/wp-content\/uploads\/2024\/07\/machtech-exhibition-bulgaria-laser-1024x576.jpg\" alt=\"\" class=\"wp-image-1198\" style=\"width:840px;height:auto\" srcset=\"https:\/\/www.stevistech.com\/wp-content\/uploads\/2024\/07\/machtech-exhibition-bulgaria-laser-1024x576.jpg 1024w, https:\/\/www.stevistech.com\/wp-content\/uploads\/2024\/07\/machtech-exhibition-bulgaria-laser-300x169.jpg 300w, https:\/\/www.stevistech.com\/wp-content\/uploads\/2024\/07\/machtech-exhibition-bulgaria-laser-768x432.jpg 768w, https:\/\/www.stevistech.com\/wp-content\/uploads\/2024\/07\/machtech-exhibition-bulgaria-laser.jpg 1280w\" sizes=\"auto, (max-width: 1024px) 100vw, 1024px\" \/><\/figure>\n\n\n\n<p>La aceast\u0103 expozi\u021bie, SteviS va prezenta ma\u0219inile noastre populare din Bulgaria \u0219i serviciile profesionale, inclusiv ma\u0219ina de sudur\u0103 cu laser \u0219i robotul de sudur\u0103 industrial.<\/p>\n\n\n\n<p>Noastre <a><\/a>o echip\u0103 de exper\u021bi va fi disponibil\u0103 pentru a oferi demonstra\u021bii, a r\u0103spunde la \u00eentreb\u0103ri \u0219i a discuta despre cum solu\u021biile noastre pot satisface nevoile dumneavoastr\u0103 specifice.<\/p>\n\n\n\n<p><strong>Num\u0103rul standului nostru: A18, Sala 4<\/strong><\/p>\n\n\n\n<p>Consider\u0103m c\u0103 prezen\u021ba dumneavoastr\u0103 la expozi\u021bie ar fi extrem de benefic\u0103 \u0219i am fi \u00eenc\u00e2nta\u021bi s\u0103 organiz\u0103m o \u00eent\u00e2lnire fa\u021b\u0103 \u00een fa\u021b\u0103 cu dumneavoastr\u0103.<\/p>\n\n\n\n<p>V\u0103 rug\u0103m s\u0103 ne comunica\u021bi disponibilitatea pentru a putea programa o or\u0103 convenabil\u0103.<\/p>\n\n\n\n<p>Pentru a v\u0103 confirma prezen\u021ba sau dac\u0103 ave\u021bi \u00eentreb\u0103ri, nu ezita\u021bi s\u0103 ne contacta\u021bi.<\/p>\n\n\n\n<p>A\u0219tept\u0103m cu ner\u0103bdare s\u0103 v\u0103 ur\u0103m bun venit la standul nostru \u0219i s\u0103 discut\u0103m despre cum putem colabora pentru succesul reciproc.<\/p>","protected":false},"excerpt":{"rendered":"<p>We are pleased to invite you to the MACHTECH 2024, which will be held at Inter Center Expo in Sofia, Bulgaria from 1st to 4th, Oct. At this exhibition, SteviS will be showcasing our popular machines in Bulgaria and professional services, including Laser Welding Machine and Industrial Welding Robot. Our team of experts will be [&hellip;]<\/p>","protected":false},"author":2,"featured_media":1200,"comment_status":"open","ping_status":"open","sticky":false,"template":"","format":"standard","meta":{"_acf_changed":false,"footnotes":""},"categories":[12],"tags":[94,93,95,72],"class_list":["post-1201","post","type-post","status-publish","format-standard","has-post-thumbnail","hentry","category-company-news","tag-bulgaria","tag-exhibition","tag-machtech","tag-stevis"],"acf":[],"_links":{"self":[{"href":"https:\/\/www.stevistech.com\/ro\/wp-json\/wp\/v2\/posts\/1201","targetHints":{"allow":["GET"]}}],"collection":[{"href":"https:\/\/www.stevistech.com\/ro\/wp-json\/wp\/v2\/posts"}],"about":[{"href":"https:\/\/www.stevistech.com\/ro\/wp-json\/wp\/v2\/types\/post"}],"author":[{"embeddable":true,"href":"https:\/\/www.stevistech.com\/ro\/wp-json\/wp\/v2\/users\/2"}],"replies":[{"embeddable":true,"href":"https:\/\/www.stevistech.com\/ro\/wp-json\/wp\/v2\/comments?post=1201"}],"version-history":[{"count":2,"href":"https:\/\/www.stevistech.com\/ro\/wp-json\/wp\/v2\/posts\/1201\/revisions"}],"predecessor-version":[{"id":1214,"href":"https:\/\/www.stevistech.com\/ro\/wp-json\/wp\/v2\/posts\/1201\/revisions\/1214"}],"wp:featuredmedia":[{"embeddable":true,"href":"https:\/\/www.stevistech.com\/ro\/wp-json\/wp\/v2\/media\/1200"}],"wp:attachment":[{"href":"https:\/\/www.stevistech.com\/ro\/wp-json\/wp\/v2\/media?parent=1201"}],"wp:term":[{"taxonomy":"category","embeddable":true,"href":"https:\/\/www.stevistech.com\/ro\/wp-json\/wp\/v2\/categories?post=1201"},{"taxonomy":"post_tag","embeddable":true,"href":"https:\/\/www.stevistech.com\/ro\/wp-json\/wp\/v2\/tags?post=1201"}],"curies":[{"name":"wp","href":"https:\/\/api.w.org\/{rel}","templated":true}]}}