{"id":1766,"date":"2025-07-25T10:20:32","date_gmt":"2025-07-25T02:20:32","guid":{"rendered":"https:\/\/www.stevistech.com\/?p=1766"},"modified":"2025-08-20T18:24:52","modified_gmt":"2025-08-20T10:24:52","slug":"stevis-machtech-2025-bulgaria-leading-automated-metal-processing-solutions","status":"publish","type":"post","link":"https:\/\/www.stevistech.com\/ro\/stevis-machtech-2025-bulgaria-lider-in-solutii-automate-de-prelucrare-a-metalelor\/","title":{"rendered":"Vizita\u021bi SteviS la MACHTECH 2025 \u00een Bulgaria - Descoperi\u021bi solu\u021bii de top pentru prelucrarea automat\u0103 a metalelor!"},"content":{"rendered":"<p><strong>SteviS este m\u00e2ndru s\u0103 anun\u021be participarea noastr\u0103 la urm\u0103toarea expozi\u021bie MACHTECH &amp; INNOTECH EXPO 2025<\/strong>, cea mai important\u0103 expozi\u021bie de tehnologie industrial\u0103 din Bulgaria, care va avea loc de la <strong>30 septembrie - 3 octombrie 2025<\/strong>, la <strong>Centrul Inter Expo, Sofia<\/strong>.<\/p>\n\n\n\n<p>\ud83d\udccd <strong>Loca\u021bia standului: Hala 1, B12<\/strong><br>\ud83d\udcc5 <strong>Data evenimentului: 30 septembrie \u2013 3 octombrie 2025<\/strong><br>\ud83d\udd27 <strong>Demonstra\u021bie live: Aparat de sudur\u0103 cu laser portabil<\/strong><\/p>\n\n\n\n<figure class=\"wp-block-image size-full\"><img loading=\"lazy\" decoding=\"async\" width=\"960\" height=\"500\" src=\"https:\/\/stevistech.com\/wp-content\/uploads\/2025\/07\/bulgaria-machtech-2025-exhibition-stevis-tech.jpg\" alt=\"\" class=\"wp-image-1762\" srcset=\"https:\/\/www.stevistech.com\/wp-content\/uploads\/2025\/07\/bulgaria-machtech-2025-exhibition-stevis-tech.jpg 960w, https:\/\/www.stevistech.com\/wp-content\/uploads\/2025\/07\/bulgaria-machtech-2025-exhibition-stevis-tech-300x156.jpg 300w, https:\/\/www.stevistech.com\/wp-content\/uploads\/2025\/07\/bulgaria-machtech-2025-exhibition-stevis-tech-768x400.jpg 768w, https:\/\/www.stevistech.com\/wp-content\/uploads\/2025\/07\/bulgaria-machtech-2025-exhibition-stevis-tech-18x9.jpg 18w\" sizes=\"auto, (max-width: 960px) 100vw, 960px\" \/><\/figure>\n\n\n\n<h2 class=\"wp-block-heading has-large-font-size\">Experimenta\u021bi sudarea cu laser de ultim\u0103 genera\u021bie \u2013 Live la standul nostru<\/h2>\n\n\n\n<p>La SteviS, ne angaj\u0103m s\u0103 oferim servicii de ultim\u0103 genera\u021bie <strong>solu\u021bii de prelucrare a metalelor<\/strong> care stimuleaz\u0103 eficien\u021ba \u0219i performan\u021ba. \u00cen timpul <strong>MACHTECH 2025<\/strong>, vom prezenta cele mai recente ale noastre <strong>ma\u0219in\u0103 de sudur\u0103 cu laser portabil\u0103<\/strong> \u2014 o solu\u021bie compact\u0103 \u0219i u\u0219or de utilizat, ideal\u0103 at\u00e2t pentru aplica\u021bii industriale, c\u00e2t \u0219i pentru cele de fabrica\u021bie personalizat\u0103.<\/p>\n\n\n\n<p><strong>Vizitatorii standului nostru vor putea:<\/strong><\/p>\n\n\n\n<ul class=\"wp-block-list\">\n<li><strong>Testa\u021bi ma\u0219ina la fa\u021ba locului<\/strong> cu materiale reale<\/li>\n\n\n\n<li><strong>Discuta\u021bi direct cu echipa noastr\u0103 tehnic\u0103<\/strong> despre aplica\u021bii \u0219i beneficii<\/li>\n\n\n\n<li><strong>Beneficia\u021bi de reduceri speciale pentru comenzile la fa\u021ba locului<\/strong><\/li>\n\n\n\n<li><strong>Prime\u0219te un cadou SteviS gratuit, \u00een edi\u021bie limitat\u0103<\/strong>, doar trec\u00e2nd pe aici!<\/li>\n<\/ul>\n\n\n\n<figure class=\"wp-block-embed is-type-video is-provider-youtube wp-block-embed-youtube wp-embed-aspect-16-9 wp-has-aspect-ratio\"><div class=\"wp-block-embed__wrapper\">\n<iframe loading=\"lazy\" title=\"Vizita\u021bi SteviS la MACHTECH 2025 \u00een Bulgaria - Descoperi\u021bi solu\u021bii de top pentru prelucrarea automat\u0103 a metalelor!\" width=\"500\" height=\"281\" src=\"https:\/\/www.youtube.com\/embed\/ODhPk4tWt8U?feature=oembed\" frameborder=\"0\" allow=\"accelerometer; autoplay; clipboard-write; encrypted-media; gyroscope; picture-in-picture; web-share\" referrerpolicy=\"strict-origin-when-cross-origin\" allowfullscreen><\/iframe>\n<\/div><\/figure>\n\n\n\n<h2 class=\"wp-block-heading has-large-font-size\">De ce s\u0103 vizita\u021bi SteviS la MACHTECH 2025?<\/h2>\n\n\n\n<p>Indiferent dac\u0103 sunte\u021bi produc\u0103tor, distribuitor sau profesionist \u00een industrie, aceasta este \u0219ansa dumneavoastr\u0103 de a experimenta direct... <strong>putere, precizie \u0219i productivitate<\/strong> echipamentelor SteviS. Noastre <strong>sistem de sudare cu laser portabil<\/strong> a fost l\u0103udat\u0103 pe scar\u0103 larg\u0103 pentru viteza sa, sudurile curate \u0219i u\u0219urin\u021ba \u00een utilizare \u2014 acum o pute\u021bi vedea singuri \u00een ac\u021biune.<\/p>\n\n\n\n<p>De asemenea, invit\u0103m vizitatorii s\u0103 exploreze gama noastr\u0103 complet\u0103 de <strong>t\u0103iere cu laser<\/strong>, <strong>automatizarea sud\u0103rii<\/strong>\u0219i <strong>solu\u021bii la cheie pentru fabricarea metalelor<\/strong>, conceput pentru a ajuta companiile s\u0103 optimizeze fluxurile de lucru \u0219i s\u0103 reduc\u0103 costurile cu for\u021ba de munc\u0103.<\/p>\n\n\n\n<h2 class=\"wp-block-heading has-large-font-size\">Hai s\u0103 ne \u00eent\u00e2lnim la Sofia!<\/h2>\n\n\n\n<p>Al\u0103tur\u0103-te nou\u0103 \u00een <strong>Hala 1, Standul B12<\/strong>\u0219i afla\u021bi cum poate deveni SteviS partenerul dumneavoastr\u0103 de \u00eencredere \u00een <strong>prelucrarea modern\u0103 a metalelor<\/strong>Dac\u0103 dori\u021bi s\u0103 programa\u021bi o demonstra\u021bie privat\u0103 sau o \u00eent\u00e2lnire \u00een timpul spectacolului, nu ezita\u021bi s\u0103 <a href=\"https:\/\/www.stevistech.com\/ro\/contactati-ne\/\" data-type=\"link\" data-id=\"www.stevistech.com\/contact-us\/\">contacta\u0163i-ne<\/a> \u00eenainte de timp.<\/p>\n\n\n\n<p><strong>SteviS \u2013 \u00cempreun\u0103 ne str\u0103duim, \u00cempreun\u0103 cre\u0219tem, \u00cempreun\u0103 realiz\u0103m.<\/strong><\/p>","protected":false},"excerpt":{"rendered":"<p>SteviS is proud to announce our participation in the upcoming MACHTECH &amp; INNOTECH EXPO 2025, Bulgaria\u2019s premier industrial technology exhibition, taking place from September 30 to October 3, 2025, at the Inter Expo Center, Sofia. \ud83d\udccd Booth Location: Hall 1, B12\ud83d\udcc5 Event Date: Sept. 30 \u2013 Oct. 3, 2025\ud83d\udd27 Live Demo: Handheld Laser Welding Machine [&hellip;]<\/p>","protected":false},"author":2,"featured_media":1762,"comment_status":"open","ping_status":"open","sticky":false,"template":"","format":"standard","meta":{"_acf_changed":false,"footnotes":""},"categories":[12],"tags":[94,95,110,112,111],"class_list":["post-1766","post","type-post","status-publish","format-standard","has-post-thumbnail","hentry","category-company-news","tag-bulgaria","tag-machtech","tag-machtech-2025-bulgaria","tag-metal-processing-solutions","tag-stevis-metal-processing-solutions"],"acf":[],"_links":{"self":[{"href":"https:\/\/www.stevistech.com\/ro\/wp-json\/wp\/v2\/posts\/1766","targetHints":{"allow":["GET"]}}],"collection":[{"href":"https:\/\/www.stevistech.com\/ro\/wp-json\/wp\/v2\/posts"}],"about":[{"href":"https:\/\/www.stevistech.com\/ro\/wp-json\/wp\/v2\/types\/post"}],"author":[{"embeddable":true,"href":"https:\/\/www.stevistech.com\/ro\/wp-json\/wp\/v2\/users\/2"}],"replies":[{"embeddable":true,"href":"https:\/\/www.stevistech.com\/ro\/wp-json\/wp\/v2\/comments?post=1766"}],"version-history":[{"count":3,"href":"https:\/\/www.stevistech.com\/ro\/wp-json\/wp\/v2\/posts\/1766\/revisions"}],"predecessor-version":[{"id":1805,"href":"https:\/\/www.stevistech.com\/ro\/wp-json\/wp\/v2\/posts\/1766\/revisions\/1805"}],"wp:featuredmedia":[{"embeddable":true,"href":"https:\/\/www.stevistech.com\/ro\/wp-json\/wp\/v2\/media\/1762"}],"wp:attachment":[{"href":"https:\/\/www.stevistech.com\/ro\/wp-json\/wp\/v2\/media?parent=1766"}],"wp:term":[{"taxonomy":"category","embeddable":true,"href":"https:\/\/www.stevistech.com\/ro\/wp-json\/wp\/v2\/categories?post=1766"},{"taxonomy":"post_tag","embeddable":true,"href":"https:\/\/www.stevistech.com\/ro\/wp-json\/wp\/v2\/tags?post=1766"}],"curies":[{"name":"wp","href":"https:\/\/api.w.org\/{rel}","templated":true}]}}